{"id":927,"date":"2022-04-17T14:34:00","date_gmt":"2022-04-17T14:34:00","guid":{"rendered":"https:\/\/arpadsegit.hu\/?p=927"},"modified":"2022-09-26T14:42:09","modified_gmt":"2022-09-26T14:42:09","slug":"1-a-nem-haboru","status":"publish","type":"post","link":"https:\/\/arpadsegit.hu\/index.php\/2022\/04\/17\/1-a-nem-haboru\/","title":{"rendered":"#1 &#8211; A nem h\u00e1bor\u00fa"},"content":{"rendered":"\n<figure class=\"wp-block-embed is-type-video is-provider-youtube wp-block-embed-youtube wp-embed-aspect-16-9 wp-has-aspect-ratio\"><div class=\"wp-block-embed__wrapper\">\n<iframe loading=\"lazy\" title=\"\u00c1rp\u00e1d seg\u00edt meg\u00e9rteni #1 - A nem h\u00e1bor\u00fa\" width=\"1170\" height=\"658\" src=\"https:\/\/www.youtube.com\/embed\/6f6i0WjcMnI?feature=oembed\" frameborder=\"0\" allow=\"accelerometer; autoplay; clipboard-write; encrypted-media; gyroscope; picture-in-picture\" allowfullscreen><\/iframe>\n<\/div><\/figure>\n\n\n\n<p>Tiszt\u00e1zzuk, miel\u0151tt a Sorosista, br\u00fcsszelita, liberny\u00e1k propaganda \u00f6sszezavarna: A Moszkva cirk\u00e1l\u00f3t nem kil\u0151tt\u00e9k, csak t\u0171z \u00fct\u00f6tt ki a fed\u00e9lzeten (minden bizonnyal egy hajvasal\u00f3 vagy egy illatgyertya felel\u0151tlen haszn\u00e1lata ok\u00e1n) \u00e9s a vihar miatt ker\u00fclt hull\u00e1ms\u00edrba. T\u00f6r\u00e9keny 180 m\u00e9teres kis teste nem b\u00edrta az olykor \u00f3r\u00e1nk\u00e9nti 35 kilom\u00e9teres sz\u00e9ll\u00f6k\u00e9seket. Term\u00e9szetesen senki nem s\u00e9r\u00fclt meg.<\/p>\n\n\n\n<p>Csak az elvakult oroszellenesek hiszik m\u00e1sk\u00e9pp, hiszen az ukr\u00e1noknak idej\u00fck sem lenne haj\u00f3kat els\u00fcllyeszteni, mik\u00f6zben sokkal fontosabb nekik a saj\u00e1t n\u00e9p\u00fcket l\u0151ni. Nem lehet csak \u00fagy \u00f6sszedobni egy marketing c\u00e9l\u00fa n\u00e9pirt\u00e1st.<\/p>\n\n\n\n<p>Teh\u00e1t:&nbsp;<\/p>\n\n\n\n<p>Az ukr\u00e1n civileket nem az oroszok l\u00f6vik, hanem az ukr\u00e1nok. Az orosz cirk\u00e1l\u00f3t nem az ukr\u00e1nok s\u00fcllyesztik el, hanem az oroszok. Az ukr\u00e1n zsid\u00f3 eln\u00f6k n\u00e1ci, a kgb-s orosz eln\u00f6k, aki a sz\u00e9ls\u0151jobbot p\u00e9nzeli az uni\u00f3ban, n\u00e1ciellenes.<\/p>\n","protected":false},"excerpt":{"rendered":"<p>Tiszt\u00e1zzuk, miel\u0151tt a Sorosista, br\u00fcsszelita, liberny\u00e1k propaganda \u00f6sszezavarna: A Moszkva cirk\u00e1l\u00f3t nem kil\u0151tt\u00e9k, csak t\u0171z&hellip;<\/p>\n","protected":false},"author":1,"featured_media":847,"comment_status":"closed","ping_status":"open","sticky":false,"template":"","format":"standard","meta":{"footnotes":""},"categories":[30],"tags":[],"class_list":["post-927","post","type-post","status-publish","format-standard","has-post-thumbnail","hentry","category-letiltott"],"jetpack_featured_media_url":"https:\/\/arpadsegit.hu\/wp-content\/uploads\/2022\/09\/kever.jpg","_links":{"self":[{"href":"https:\/\/arpadsegit.hu\/index.php\/wp-json\/wp\/v2\/posts\/927","targetHints":{"allow":["GET"]}}],"collection":[{"href":"https:\/\/arpadsegit.hu\/index.php\/wp-json\/wp\/v2\/posts"}],"about":[{"href":"https:\/\/arpadsegit.hu\/index.php\/wp-json\/wp\/v2\/types\/post"}],"author":[{"embeddable":true,"href":"https:\/\/arpadsegit.hu\/index.php\/wp-json\/wp\/v2\/users\/1"}],"replies":[{"embeddable":true,"href":"https:\/\/arpadsegit.hu\/index.php\/wp-json\/wp\/v2\/comments?post=927"}],"version-history":[{"count":3,"href":"https:\/\/arpadsegit.hu\/index.php\/wp-json\/wp\/v2\/posts\/927\/revisions"}],"predecessor-version":[{"id":932,"href":"https:\/\/arpadsegit.hu\/index.php\/wp-json\/wp\/v2\/posts\/927\/revisions\/932"}],"wp:featuredmedia":[{"embeddable":true,"href":"https:\/\/arpadsegit.hu\/index.php\/wp-json\/wp\/v2\/media\/847"}],"wp:attachment":[{"href":"https:\/\/arpadsegit.hu\/index.php\/wp-json\/wp\/v2\/media?parent=927"}],"wp:term":[{"taxonomy":"category","embeddable":true,"href":"https:\/\/arpadsegit.hu\/index.php\/wp-json\/wp\/v2\/categories?post=927"},{"taxonomy":"post_tag","embeddable":true,"href":"https:\/\/arpadsegit.hu\/index.php\/wp-json\/wp\/v2\/tags?post=927"}],"curies":[{"name":"wp","href":"https:\/\/api.w.org\/{rel}","templated":true}]}}