{"id":918,"date":"2022-09-26T13:56:44","date_gmt":"2022-09-26T13:56:44","guid":{"rendered":"https:\/\/arpadsegit.hu\/?p=918"},"modified":"2022-10-04T06:51:49","modified_gmt":"2022-10-04T06:51:49","slug":"20-nemzeti-inzultacio","status":"publish","type":"post","link":"https:\/\/arpadsegit.hu\/index.php\/2022\/09\/26\/20-nemzeti-inzultacio\/","title":{"rendered":"#20 &#8211; Nemzeti Inzult\u00e1ci\u00f3"},"content":{"rendered":"\n<figure class=\"wp-block-embed is-type-video is-provider-tiktok wp-block-embed-tiktok\"><div class=\"wp-block-embed__wrapper\">\n<blockquote class=\"tiktok-embed\" cite=\"https:\/\/www.tiktok.com\/@arpad_segit\/video\/7147686314698181893\" data-video-id=\"7147686314698181893\" data-embed-from=\"oembed\" style=\"max-width: 605px;min-width: 325px;\" > <section> <a target=\"_blank\" title=\"@arpad_segit\" href=\"https:\/\/www.tiktok.com\/@arpad_segit?refer=embed\">@arpad_segit<\/a> <p>\u00c1rp\u00e1d Seg\u00edt Meg\u00e9rteni 20. &#8211; Nemzeti Inzult\u00e1ci\u00f3 <a title=\"humor\" target=\"_blank\" href=\"https:\/\/www.tiktok.com\/tag\/humor?refer=embed\">#humor<\/a> <a title=\"politics\" target=\"_blank\" href=\"https:\/\/www.tiktok.com\/tag\/politics?refer=embed\">#politics<\/a> <a title=\"fyp\" target=\"_blank\" href=\"https:\/\/www.tiktok.com\/tag\/fyp?refer=embed\">#fyp<\/a> <a title=\"foryou\" target=\"_blank\" href=\"https:\/\/www.tiktok.com\/tag\/foryou?refer=embed\">#foryou<\/a> <a title=\"foryoupage\" target=\"_blank\" href=\"https:\/\/www.tiktok.com\/tag\/foryoupage?refer=embed\">#foryoupage<\/a> <a title=\"irony\" target=\"_blank\" href=\"https:\/\/www.tiktok.com\/tag\/irony?refer=embed\">#irony<\/a> <a title=\"foryourpage\" target=\"_blank\" href=\"https:\/\/www.tiktok.com\/tag\/foryourpage?refer=embed\">#foryourpage<\/a><\/p> <a target=\"_blank\" title=\"\u266c eredeti hang - \u00c1rp\u00e1d Seg\u00edt\" href=\"https:\/\/www.tiktok.com\/music\/eredeti-hang-7147686342388943622?refer=embed\">\u266c eredeti hang &#8211; \u00c1rp\u00e1d Seg\u00edt<\/a> <\/section> <\/blockquote> <script async src=\"https:\/\/www.tiktok.com\/embed.js\"><\/script>\n<\/div><\/figure>\n\n\n\n<p>B\u00e9l\u00e1m, megint lesz Nemzeti Inzult\u00e1ci\u00f3!<\/p>\n\n\n\n<p>Olyan ez, mint a t\u00e9maz\u00e1r\u00f3 dolgozat az iskol\u00e1ban. F\u00e9l \u00e9vig ism\u00e9telgett\u00e9k, hogy Elhib\u00e1zott Szankci\u00f3k, most meg felk\u00e9rdezik.<\/p>\n\n\n\n<p>Szerintem sikeres lesz! A f\u0171t\u00e9sben biztosan seg\u00edt majd.<\/p>\n","protected":false},"excerpt":{"rendered":"<p>B\u00e9l\u00e1m, megint lesz Nemzeti Inzult\u00e1ci\u00f3! Olyan ez, mint a t\u00e9maz\u00e1r\u00f3 dolgozat az iskol\u00e1ban. F\u00e9l \u00e9vig&hellip;<\/p>\n","protected":false},"author":1,"featured_media":919,"comment_status":"closed","ping_status":"open","sticky":false,"template":"","format":"standard","meta":{"footnotes":""},"categories":[26,23],"tags":[],"class_list":["post-918","post","type-post","status-publish","format-standard","has-post-thumbnail","hentry","category-humor","category-politika"],"jetpack_featured_media_url":"https:\/\/arpadsegit.hu\/wp-content\/uploads\/2022\/09\/toni.jpg","_links":{"self":[{"href":"https:\/\/arpadsegit.hu\/index.php\/wp-json\/wp\/v2\/posts\/918","targetHints":{"allow":["GET"]}}],"collection":[{"href":"https:\/\/arpadsegit.hu\/index.php\/wp-json\/wp\/v2\/posts"}],"about":[{"href":"https:\/\/arpadsegit.hu\/index.php\/wp-json\/wp\/v2\/types\/post"}],"author":[{"embeddable":true,"href":"https:\/\/arpadsegit.hu\/index.php\/wp-json\/wp\/v2\/users\/1"}],"replies":[{"embeddable":true,"href":"https:\/\/arpadsegit.hu\/index.php\/wp-json\/wp\/v2\/comments?post=918"}],"version-history":[{"count":1,"href":"https:\/\/arpadsegit.hu\/index.php\/wp-json\/wp\/v2\/posts\/918\/revisions"}],"predecessor-version":[{"id":920,"href":"https:\/\/arpadsegit.hu\/index.php\/wp-json\/wp\/v2\/posts\/918\/revisions\/920"}],"wp:featuredmedia":[{"embeddable":true,"href":"https:\/\/arpadsegit.hu\/index.php\/wp-json\/wp\/v2\/media\/919"}],"wp:attachment":[{"href":"https:\/\/arpadsegit.hu\/index.php\/wp-json\/wp\/v2\/media?parent=918"}],"wp:term":[{"taxonomy":"category","embeddable":true,"href":"https:\/\/arpadsegit.hu\/index.php\/wp-json\/wp\/v2\/categories?post=918"},{"taxonomy":"post_tag","embeddable":true,"href":"https:\/\/arpadsegit.hu\/index.php\/wp-json\/wp\/v2\/tags?post=918"}],"curies":[{"name":"wp","href":"https:\/\/api.w.org\/{rel}","templated":true}]}}