{"id":846,"date":"2022-07-26T13:18:00","date_gmt":"2022-07-26T13:18:00","guid":{"rendered":"https:\/\/arpadsegit.hu\/?p=846"},"modified":"2022-10-04T06:55:15","modified_gmt":"2022-10-04T06:55:15","slug":"13-keveredes","status":"publish","type":"post","link":"https:\/\/arpadsegit.hu\/index.php\/2022\/07\/26\/13-keveredes\/","title":{"rendered":"#13 &#8211; Kevered\u00e9s"},"content":{"rendered":"\n<figure class=\"wp-block-embed is-type-video is-provider-tiktok wp-block-embed-tiktok\"><div class=\"wp-block-embed__wrapper\">\n<blockquote class=\"tiktok-embed\" cite=\"https:\/\/www.tiktok.com\/@arpad_segit\/video\/7124679710159670534\" data-video-id=\"7124679710159670534\" data-embed-from=\"oembed\" style=\"max-width: 605px;min-width: 325px;\" > <section> <a target=\"_blank\" title=\"@arpad_segit\" href=\"https:\/\/www.tiktok.com\/@arpad_segit?refer=embed\">@arpad_segit<\/a> <p>\u00c1rp\u00e1d Seg\u00edt Meg\u00e9rteni 13. &#8211; Kevered\u00e9s <a title=\"humor\" target=\"_blank\" href=\"https:\/\/www.tiktok.com\/tag\/humor?refer=embed\">#humor<\/a> <a title=\"politics\" target=\"_blank\" href=\"https:\/\/www.tiktok.com\/tag\/politics?refer=embed\">#politics<\/a> <a title=\"fyp\" target=\"_blank\" href=\"https:\/\/www.tiktok.com\/tag\/fyp?refer=embed\">#fyp<\/a> <a title=\"foryou\" target=\"_blank\" href=\"https:\/\/www.tiktok.com\/tag\/foryou?refer=embed\">#foryou<\/a> <a title=\"foryoupage\" target=\"_blank\" href=\"https:\/\/www.tiktok.com\/tag\/foryoupage?refer=embed\">#foryoupage<\/a> <a title=\"irony\" target=\"_blank\" href=\"https:\/\/www.tiktok.com\/tag\/irony?refer=embed\">#irony<\/a> <a title=\"foryourpage\" target=\"_blank\" href=\"https:\/\/www.tiktok.com\/tag\/foryourpage?refer=embed\">#foryourpage<\/a><\/p> <a target=\"_blank\" title=\"\u266c eredeti hang - \u00c1rp\u00e1d Seg\u00edt\" href=\"https:\/\/www.tiktok.com\/music\/eredeti-hang-7124679707278265093?refer=embed\">\u266c eredeti hang &#8211; \u00c1rp\u00e1d Seg\u00edt<\/a> <\/section> <\/blockquote> <script async src=\"https:\/\/www.tiktok.com\/embed.js\"><\/script>\n<\/div><\/figure>\n\n\n\n<p>B\u00e9l\u00e1m, mi nem kevered\u00fcnk! A minisztereln\u00f6k \u00far &#8211; \u00e1ldass\u00e9k &#8211; megmondta. Senki nincs olyan j\u00f3, mint mi, sz\u00f3val nem vesz\u00e9lyeztethetj\u00fck csod\u00e1latos genetikai \u00e1llom\u00e1nyunkat!<\/p>\n\n\n\n<p>A Margit m\u00e9lyeur\u00f3pai sz\u00edn kipcsak. Mondjuk \u00e9n negyedr\u00e9szt kun vagyok, a nagymama meg Kohnr\u00f3l magyaros\u00edtott Kov\u00e1csra, amikor megh\u00e1zasodott Yusuf nagypap\u00e1val. Anyuk\u00e1m, Karenina pedig Szentp\u00e9terv\u00e1rr\u00f3l k\u00f6lt\u00f6z\u00f6tt ide m\u00e9g gyermekk\u00e9nt, amikor Yih\u00e1n nagymama ben\u0151s\u00fclt a Lakatos csal\u00e1dba.<\/p>\n\n\n\n<p>A l\u00e9nyeg, hogy mi nem vegy\u00fclhet\u00fcnk mindenf\u00e9le j\u00f6ttmenttel. S\u0151t a rokons\u00e1gon bel\u00fcl kellene h\u00e1zasodnia mindenkinek, mi baj lehet bel\u0151le, ugye?<\/p>\n\n\n\n<p>Mindig j\u00f3, ha egy vez\u00e9rnek van egy Terve\u2026<\/p>\n","protected":false},"excerpt":{"rendered":"<p>B\u00e9l\u00e1m, mi nem kevered\u00fcnk! A minisztereln\u00f6k \u00far &#8211; \u00e1ldass\u00e9k &#8211; megmondta. Senki nincs olyan j\u00f3,&hellip;<\/p>\n","protected":false},"author":1,"featured_media":847,"comment_status":"closed","ping_status":"open","sticky":false,"template":"","format":"standard","meta":{"footnotes":""},"categories":[26,23],"tags":[],"class_list":["post-846","post","type-post","status-publish","format-standard","has-post-thumbnail","hentry","category-humor","category-politika"],"jetpack_featured_media_url":"https:\/\/arpadsegit.hu\/wp-content\/uploads\/2022\/09\/kever.jpg","_links":{"self":[{"href":"https:\/\/arpadsegit.hu\/index.php\/wp-json\/wp\/v2\/posts\/846","targetHints":{"allow":["GET"]}}],"collection":[{"href":"https:\/\/arpadsegit.hu\/index.php\/wp-json\/wp\/v2\/posts"}],"about":[{"href":"https:\/\/arpadsegit.hu\/index.php\/wp-json\/wp\/v2\/types\/post"}],"author":[{"embeddable":true,"href":"https:\/\/arpadsegit.hu\/index.php\/wp-json\/wp\/v2\/users\/1"}],"replies":[{"embeddable":true,"href":"https:\/\/arpadsegit.hu\/index.php\/wp-json\/wp\/v2\/comments?post=846"}],"version-history":[{"count":1,"href":"https:\/\/arpadsegit.hu\/index.php\/wp-json\/wp\/v2\/posts\/846\/revisions"}],"predecessor-version":[{"id":848,"href":"https:\/\/arpadsegit.hu\/index.php\/wp-json\/wp\/v2\/posts\/846\/revisions\/848"}],"wp:featuredmedia":[{"embeddable":true,"href":"https:\/\/arpadsegit.hu\/index.php\/wp-json\/wp\/v2\/media\/847"}],"wp:attachment":[{"href":"https:\/\/arpadsegit.hu\/index.php\/wp-json\/wp\/v2\/media?parent=846"}],"wp:term":[{"taxonomy":"category","embeddable":true,"href":"https:\/\/arpadsegit.hu\/index.php\/wp-json\/wp\/v2\/categories?post=846"},{"taxonomy":"post_tag","embeddable":true,"href":"https:\/\/arpadsegit.hu\/index.php\/wp-json\/wp\/v2\/tags?post=846"}],"curies":[{"name":"wp","href":"https:\/\/api.w.org\/{rel}","templated":true}]}}