{"id":700,"date":"2022-08-22T14:47:00","date_gmt":"2022-08-22T14:47:00","guid":{"rendered":"https:\/\/arpadsegit.hu\/?p=700"},"modified":"2022-09-23T11:54:37","modified_gmt":"2022-09-23T11:54:37","slug":"16-elhalasztott-tuzijatek","status":"publish","type":"post","link":"https:\/\/arpadsegit.hu\/index.php\/2022\/08\/22\/16-elhalasztott-tuzijatek\/","title":{"rendered":"#16 &#8211; Elhalasztott t\u00fczij\u00e1t\u00e9k"},"content":{"rendered":"\n<figure class=\"wp-block-embed is-type-video is-provider-tiktok wp-block-embed-tiktok\"><div class=\"wp-block-embed__wrapper\">\n<blockquote class=\"tiktok-embed\" cite=\"https:\/\/www.tiktok.com\/@arpad_segit\/video\/7134753549459803397\" data-video-id=\"7134753549459803397\" data-embed-from=\"oembed\" style=\"max-width: 605px;min-width: 325px;\" > <section> <a target=\"_blank\" title=\"@arpad_segit\" href=\"https:\/\/www.tiktok.com\/@arpad_segit?refer=embed\">@arpad_segit<\/a> <p>\u00c1rp\u00e1d Seg\u00edt Meg\u00e9rteni 16. &#8211; Elhalasztott t\u00fczij\u00e1t\u00e9k <a title=\"humor\" target=\"_blank\" href=\"https:\/\/www.tiktok.com\/tag\/humor?refer=embed\">#humor<\/a> <a title=\"politics\" target=\"_blank\" href=\"https:\/\/www.tiktok.com\/tag\/politics?refer=embed\">#politics<\/a> <a title=\"fyp\" target=\"_blank\" href=\"https:\/\/www.tiktok.com\/tag\/fyp?refer=embed\">#fyp<\/a> <a title=\"foryou\" target=\"_blank\" href=\"https:\/\/www.tiktok.com\/tag\/foryou?refer=embed\">#foryou<\/a> <a title=\"foryoupage\" target=\"_blank\" href=\"https:\/\/www.tiktok.com\/tag\/foryoupage?refer=embed\">#foryoupage<\/a> <a title=\"irony\" target=\"_blank\" href=\"https:\/\/www.tiktok.com\/tag\/irony?refer=embed\">#irony<\/a> <a title=\"foryourpage\" target=\"_blank\" href=\"https:\/\/www.tiktok.com\/tag\/foryourpage?refer=embed\">#foryourpage<\/a><\/p> <a target=\"_blank\" title=\"\u266c eredeti hang - \u00c1rp\u00e1d Seg\u00edt\" href=\"https:\/\/www.tiktok.com\/music\/eredeti-hang-7134753572966550277?refer=embed\">\u266c eredeti hang &#8211; \u00c1rp\u00e1d Seg\u00edt<\/a> <\/section> <\/blockquote> <script async src=\"https:\/\/www.tiktok.com\/embed.js\"><\/script>\n<\/div><\/figure>\n\n\n\n<p>B\u00e9l\u00e1m, egy h\u00e9ttel k\u00e9s\u0151bb lesz \u00e1llamalap\u00edt\u00e1s. Azt hitt\u00fck vihar lesz, mert a Sorosista meteorol\u00f3giai szolg\u00e1lat azt mondta\u2026 T\u0171zij\u00e1t\u00e9k meg sehol, ugye\u2026 Persze most fej\u00fcket veszik, pedig mondhatt\u00e1k volna, amit a Doktor &#8211; ny\u00edljon sz\u00e1zezer r\u00f3zsa a l\u00e1ba nyom\u00e1n &#8211; Minisztereln\u00f6k \u00far: El\u0151fordul, hogy n\u00e9ha f\u00e9lre\u00e9rthet\u0151en fogalmazok\u2026<\/p>\n\n\n\n<p>Na, mindegy. Az\u00e9rt \u00edgy biztosan megkapj\u00e1k azt a kis apr\u00f3t szervez\u0151k.<\/p>\n","protected":false},"excerpt":{"rendered":"<p>B\u00e9l\u00e1m, egy h\u00e9ttel k\u00e9s\u0151bb lesz \u00e1llamalap\u00edt\u00e1s. Azt hitt\u00fck vihar lesz, mert a Sorosista meteorol\u00f3giai szolg\u00e1lat&hellip;<\/p>\n","protected":false},"author":1,"featured_media":701,"comment_status":"closed","ping_status":"open","sticky":false,"template":"","format":"standard","meta":{"footnotes":""},"categories":[26,23],"tags":[],"class_list":["post-700","post","type-post","status-publish","format-standard","has-post-thumbnail","hentry","category-humor","category-politika"],"jetpack_featured_media_url":"https:\/\/arpadsegit.hu\/wp-content\/uploads\/2022\/09\/OMSZ.jpg","_links":{"self":[{"href":"https:\/\/arpadsegit.hu\/index.php\/wp-json\/wp\/v2\/posts\/700","targetHints":{"allow":["GET"]}}],"collection":[{"href":"https:\/\/arpadsegit.hu\/index.php\/wp-json\/wp\/v2\/posts"}],"about":[{"href":"https:\/\/arpadsegit.hu\/index.php\/wp-json\/wp\/v2\/types\/post"}],"author":[{"embeddable":true,"href":"https:\/\/arpadsegit.hu\/index.php\/wp-json\/wp\/v2\/users\/1"}],"replies":[{"embeddable":true,"href":"https:\/\/arpadsegit.hu\/index.php\/wp-json\/wp\/v2\/comments?post=700"}],"version-history":[{"count":1,"href":"https:\/\/arpadsegit.hu\/index.php\/wp-json\/wp\/v2\/posts\/700\/revisions"}],"predecessor-version":[{"id":702,"href":"https:\/\/arpadsegit.hu\/index.php\/wp-json\/wp\/v2\/posts\/700\/revisions\/702"}],"wp:featuredmedia":[{"embeddable":true,"href":"https:\/\/arpadsegit.hu\/index.php\/wp-json\/wp\/v2\/media\/701"}],"wp:attachment":[{"href":"https:\/\/arpadsegit.hu\/index.php\/wp-json\/wp\/v2\/media?parent=700"}],"wp:term":[{"taxonomy":"category","embeddable":true,"href":"https:\/\/arpadsegit.hu\/index.php\/wp-json\/wp\/v2\/categories?post=700"},{"taxonomy":"post_tag","embeddable":true,"href":"https:\/\/arpadsegit.hu\/index.php\/wp-json\/wp\/v2\/tags?post=700"}],"curies":[{"name":"wp","href":"https:\/\/api.w.org\/{rel}","templated":true}]}}