{"id":695,"date":"2022-09-12T22:30:00","date_gmt":"2022-09-12T22:30:00","guid":{"rendered":"https:\/\/arpadsegit.hu\/?p=695"},"modified":"2022-09-23T11:54:16","modified_gmt":"2022-09-23T11:54:16","slug":"17-arpad-megnyugszik","status":"publish","type":"post","link":"https:\/\/arpadsegit.hu\/index.php\/2022\/09\/12\/17-arpad-megnyugszik\/","title":{"rendered":"#17 &#8211; \u00c1rp\u00e1d megnyugszik"},"content":{"rendered":"\n<figure class=\"wp-block-embed is-type-video is-provider-tiktok wp-block-embed-tiktok\"><div class=\"wp-block-embed__wrapper\">\n<blockquote class=\"tiktok-embed\" cite=\"https:\/\/www.tiktok.com\/@arpad_segit\/video\/7142608734903225606\" data-video-id=\"7142608734903225606\" data-embed-from=\"oembed\" style=\"max-width: 605px;min-width: 325px;\" > <section> <a target=\"_blank\" title=\"@arpad_segit\" href=\"https:\/\/www.tiktok.com\/@arpad_segit?refer=embed\">@arpad_segit<\/a> <p>\u00c1rp\u00e1d Seg\u00edt Meg\u00e9rteni 17. &#8211; \u00c1rp\u00e1d megnyugszik <a title=\"humor\" target=\"_blank\" href=\"https:\/\/www.tiktok.com\/tag\/humor?refer=embed\">#humor<\/a> <a title=\"politics\" target=\"_blank\" href=\"https:\/\/www.tiktok.com\/tag\/politics?refer=embed\">#politics<\/a> <a title=\"fyp\" target=\"_blank\" href=\"https:\/\/www.tiktok.com\/tag\/fyp?refer=embed\">#fyp<\/a> <a title=\"foryou\" target=\"_blank\" href=\"https:\/\/www.tiktok.com\/tag\/foryou?refer=embed\">#foryou<\/a> <a title=\"foryoupage\" target=\"_blank\" href=\"https:\/\/www.tiktok.com\/tag\/foryoupage?refer=embed\">#foryoupage<\/a> <a title=\"irony\" target=\"_blank\" href=\"https:\/\/www.tiktok.com\/tag\/irony?refer=embed\">#irony<\/a> <a title=\"foryourpage\" target=\"_blank\" href=\"https:\/\/www.tiktok.com\/tag\/foryourpage?refer=embed\">#foryourpage<\/a><\/p> <a target=\"_blank\" title=\"\u266c eredeti hang - \u00c1rp\u00e1d Seg\u00edt\" href=\"https:\/\/www.tiktok.com\/music\/eredeti-hang-7142608750595345158?refer=embed\">\u266c eredeti hang &#8211; \u00c1rp\u00e1d Seg\u00edt<\/a> <\/section> <\/blockquote> <script async src=\"https:\/\/www.tiktok.com\/embed.js\"><\/script>\n<\/div><\/figure>\n\n\n\n<p><strong>L\u00f6l\u0151:<\/strong><\/p>\n\n\n\n<p>N\u00e1lunk nem okozott nagyobb fennakad\u00e1st ez kis rezsi emel\u00e9s. Vegyes t\u00fczel\u00e9sen vagyunk.<\/p>\n\n\n\n<p>Andi! Kicsit h\u0171v\u00f6s van, dobj\u00e1l m\u00e9g a t\u0171zre \u00e9letem!<\/p>\n","protected":false},"excerpt":{"rendered":"<p>L\u00f6l\u0151: N\u00e1lunk nem okozott nagyobb fennakad\u00e1st ez kis rezsi emel\u00e9s. Vegyes t\u00fczel\u00e9sen vagyunk. Andi! Kicsit&hellip;<\/p>\n","protected":false},"author":1,"featured_media":696,"comment_status":"closed","ping_status":"open","sticky":false,"template":"","format":"standard","meta":{"footnotes":""},"categories":[26,23],"tags":[],"class_list":["post-695","post","type-post","status-publish","format-standard","has-post-thumbnail","hentry","category-humor","category-politika"],"jetpack_featured_media_url":"https:\/\/arpadsegit.hu\/wp-content\/uploads\/2022\/09\/Megnyugszik.jpg","_links":{"self":[{"href":"https:\/\/arpadsegit.hu\/index.php\/wp-json\/wp\/v2\/posts\/695","targetHints":{"allow":["GET"]}}],"collection":[{"href":"https:\/\/arpadsegit.hu\/index.php\/wp-json\/wp\/v2\/posts"}],"about":[{"href":"https:\/\/arpadsegit.hu\/index.php\/wp-json\/wp\/v2\/types\/post"}],"author":[{"embeddable":true,"href":"https:\/\/arpadsegit.hu\/index.php\/wp-json\/wp\/v2\/users\/1"}],"replies":[{"embeddable":true,"href":"https:\/\/arpadsegit.hu\/index.php\/wp-json\/wp\/v2\/comments?post=695"}],"version-history":[{"count":1,"href":"https:\/\/arpadsegit.hu\/index.php\/wp-json\/wp\/v2\/posts\/695\/revisions"}],"predecessor-version":[{"id":697,"href":"https:\/\/arpadsegit.hu\/index.php\/wp-json\/wp\/v2\/posts\/695\/revisions\/697"}],"wp:featuredmedia":[{"embeddable":true,"href":"https:\/\/arpadsegit.hu\/index.php\/wp-json\/wp\/v2\/media\/696"}],"wp:attachment":[{"href":"https:\/\/arpadsegit.hu\/index.php\/wp-json\/wp\/v2\/media?parent=695"}],"wp:term":[{"taxonomy":"category","embeddable":true,"href":"https:\/\/arpadsegit.hu\/index.php\/wp-json\/wp\/v2\/categories?post=695"},{"taxonomy":"post_tag","embeddable":true,"href":"https:\/\/arpadsegit.hu\/index.php\/wp-json\/wp\/v2\/tags?post=695"}],"curies":[{"name":"wp","href":"https:\/\/api.w.org\/{rel}","templated":true}]}}