{"id":1166,"date":"2023-04-18T13:56:03","date_gmt":"2023-04-18T13:56:03","guid":{"rendered":"https:\/\/arpadsegit.hu\/?p=1166"},"modified":"2023-04-18T13:56:37","modified_gmt":"2023-04-18T13:56:37","slug":"40-a-hazmester-vonal","status":"publish","type":"post","link":"https:\/\/arpadsegit.hu\/index.php\/2023\/04\/18\/40-a-hazmester-vonal\/","title":{"rendered":"#40 A h\u00e1zmester vonal"},"content":{"rendered":"\n<figure class=\"wp-block-embed is-type-video is-provider-tiktok wp-block-embed-tiktok\"><div class=\"wp-block-embed__wrapper\">\n<blockquote class=\"tiktok-embed\" cite=\"https:\/\/www.tiktok.com\/@arpad_segit\/video\/7223385945721031962\" data-video-id=\"7223385945721031962\" data-embed-from=\"oembed\" style=\"max-width: 605px;min-width: 325px;\" > <section> <a target=\"_blank\" title=\"@arpad_segit\" href=\"https:\/\/www.tiktok.com\/@arpad_segit?refer=embed\">@arpad_segit<\/a> <p>\u00c1rp\u00e1d Seg\u00edt Meg\u00e9rteni 40. &#8211; A h\u00e1zmester vonal humor politics fyp foryou foryoupage irony foryourpage nekedbe <a title=\"lmbtq\" target=\"_blank\" href=\"https:\/\/www.tiktok.com\/tag\/lmbtq?refer=embed\">#lmbtq<\/a><\/p> <a target=\"_blank\" title=\"\u266c eredeti hang \u2013 \u00c1rp\u00e1d - \u00c1rp\u00e1d\" href=\"https:\/\/www.tiktok.com\/music\/eredeti-hang-\u2013-\u00c1rp\u00e1d-7223386641842047770?refer=embed\">\u266c eredeti hang \u2013 \u00c1rp\u00e1d &#8211; \u00c1rp\u00e1d<\/a> <\/section> <\/blockquote> <script async src=\"https:\/\/www.tiktok.com\/embed.js\"><\/script>\n<\/div><\/figure>\n\n\n\n<p>B\u00e9l\u00e1m, \u00e9n nem adom fel. 10 perce v\u00e1rakoztat a n\u00e9vtelen feljelent\u0151 vonal, biztosan sokan h\u00edvj\u00e1k, de \u00e9n v\u00e1rok. Mert nekem fontosak a nemzeti \u00e9rt\u00e9keink.<\/p>\n\n\n\n<p>Ezt a f\u00e9kevesztett liber\u00e1lis propagand\u00e1t nem t\u0171rhetem!<\/p>\n","protected":false},"excerpt":{"rendered":"<p>B\u00e9l\u00e1m, \u00e9n nem adom fel. 10 perce v\u00e1rakoztat a n\u00e9vtelen feljelent\u0151 vonal, biztosan sokan h\u00edvj\u00e1k,&hellip;<\/p>\n","protected":false},"author":1,"featured_media":1167,"comment_status":"closed","ping_status":"open","sticky":false,"template":"","format":"standard","meta":{"footnotes":""},"categories":[26,23],"tags":[],"class_list":["post-1166","post","type-post","status-publish","format-standard","has-post-thumbnail","hentry","category-humor","category-politika"],"jetpack_featured_media_url":"https:\/\/arpadsegit.hu\/wp-content\/uploads\/2023\/04\/FeljelentoVonal.jpg","_links":{"self":[{"href":"https:\/\/arpadsegit.hu\/index.php\/wp-json\/wp\/v2\/posts\/1166","targetHints":{"allow":["GET"]}}],"collection":[{"href":"https:\/\/arpadsegit.hu\/index.php\/wp-json\/wp\/v2\/posts"}],"about":[{"href":"https:\/\/arpadsegit.hu\/index.php\/wp-json\/wp\/v2\/types\/post"}],"author":[{"embeddable":true,"href":"https:\/\/arpadsegit.hu\/index.php\/wp-json\/wp\/v2\/users\/1"}],"replies":[{"embeddable":true,"href":"https:\/\/arpadsegit.hu\/index.php\/wp-json\/wp\/v2\/comments?post=1166"}],"version-history":[{"count":2,"href":"https:\/\/arpadsegit.hu\/index.php\/wp-json\/wp\/v2\/posts\/1166\/revisions"}],"predecessor-version":[{"id":1169,"href":"https:\/\/arpadsegit.hu\/index.php\/wp-json\/wp\/v2\/posts\/1166\/revisions\/1169"}],"wp:featuredmedia":[{"embeddable":true,"href":"https:\/\/arpadsegit.hu\/index.php\/wp-json\/wp\/v2\/media\/1167"}],"wp:attachment":[{"href":"https:\/\/arpadsegit.hu\/index.php\/wp-json\/wp\/v2\/media?parent=1166"}],"wp:term":[{"taxonomy":"category","embeddable":true,"href":"https:\/\/arpadsegit.hu\/index.php\/wp-json\/wp\/v2\/categories?post=1166"},{"taxonomy":"post_tag","embeddable":true,"href":"https:\/\/arpadsegit.hu\/index.php\/wp-json\/wp\/v2\/tags?post=1166"}],"curies":[{"name":"wp","href":"https:\/\/api.w.org\/{rel}","templated":true}]}}