{"id":1161,"date":"2023-04-17T10:15:03","date_gmt":"2023-04-17T10:15:03","guid":{"rendered":"https:\/\/arpadsegit.hu\/?p=1161"},"modified":"2023-04-17T10:15:52","modified_gmt":"2023-04-17T10:15:52","slug":"39-statusztorveny","status":"publish","type":"post","link":"https:\/\/arpadsegit.hu\/index.php\/2023\/04\/17\/39-statusztorveny\/","title":{"rendered":"#39 St\u00e1tuszt\u00f6rv\u00e9ny"},"content":{"rendered":"\n<figure class=\"wp-block-embed is-type-video is-provider-tiktok wp-block-embed-tiktok\"><div class=\"wp-block-embed__wrapper\">\n<blockquote class=\"tiktok-embed\" cite=\"https:\/\/www.tiktok.com\/@arpad_segit\/video\/7222955388356791579\" data-video-id=\"7222955388356791579\" data-embed-from=\"oembed\" style=\"max-width: 605px;min-width: 325px;\" > <section> <a target=\"_blank\" title=\"@arpad_segit\" href=\"https:\/\/www.tiktok.com\/@arpad_segit?refer=embed\">@arpad_segit<\/a> <p>\u00c1rp\u00e1d Seg\u00edt Meg\u00e9rteni 39. &#8211; St\u00e1tuszt\u00f6rv\u00e9ny humor politics fyp foryou foryoupage irony foryourpage nekedbe oktat\u00e1s<\/p> <a target=\"_blank\" title=\"\u266c eredeti hang \u2013 \u00c1rp\u00e1d - \u00c1rp\u00e1d\" href=\"https:\/\/www.tiktok.com\/music\/eredeti-hang-\u2013-\u00c1rp\u00e1d-7222958716017363738?refer=embed\">\u266c eredeti hang \u2013 \u00c1rp\u00e1d &#8211; \u00c1rp\u00e1d<\/a> <\/section> <\/blockquote> <script async src=\"https:\/\/www.tiktok.com\/embed.js\"><\/script>\n<\/div><\/figure>\n\n\n\n<p>B\u00e9l\u00e1m, a tan\u00e1rok szerint nincsenek itt rendben a dolgok.&nbsp;<\/p>\n\n\n\n<p>Ak\u00e1rmikor \u00e1tvez\u00e9nyelhetik \u0151ket m\u00e1shov\u00e1. Na \u00e9s? A kaland m\u00e1r nem is sz\u00e1m\u00edt? \u00daj k\u00f6rnyezet, \u00faj emberek. A telefon \u00e9s laptop ellen\u0151rz\u00e9st is rosszul l\u00e1tj\u00e1k. Ki ne szeretn\u00e9 \u00e9rezni, hogy figyelnek r\u00e1 nehogy mindenf\u00e9le demokratikus gondolatokkal fert\u0151z\u0151dj\u00f6n vagy a korpa k\u00f6z\u00e9 keveredjen, ugye?<\/p>\n\n\n\n<p>M\u00e1t\u00f3l \u00e9n is tan\u00edtok, meg a doh\u00e1nyboltos G\u00e9zuka \u00e9s a szemfelszed\u0151s Ir\u00e9nke is, nyugd\u00edj mellett. J\u00f3, a hum\u00e1n \u00e9s re\u00e1l t\u00e1rgyakb\u00f3l nem volt j\u00f3 egyik\u00fcnk sem soha, de mi tudjuk mit jelent k\u00e9rd\u00e9s n\u00e9lk\u00fcl hinni a vez\u00e9r\u00fcnkben! A k\u00f6vetkez\u0151 gener\u00e1ci\u00f3knak nem tud\u00e1sra, hitre van sz\u00fcks\u00e9ge B\u00e9l\u00e1m!<\/p>\n","protected":false},"excerpt":{"rendered":"<p>B\u00e9l\u00e1m, a tan\u00e1rok szerint nincsenek itt rendben a dolgok.&nbsp; Ak\u00e1rmikor \u00e1tvez\u00e9nyelhetik \u0151ket m\u00e1shov\u00e1. Na \u00e9s?&hellip;<\/p>\n","protected":false},"author":1,"featured_media":1162,"comment_status":"closed","ping_status":"open","sticky":false,"template":"","format":"standard","meta":{"footnotes":""},"categories":[26,23],"tags":[],"class_list":["post-1161","post","type-post","status-publish","format-standard","has-post-thumbnail","hentry","category-humor","category-politika"],"jetpack_featured_media_url":"https:\/\/arpadsegit.hu\/wp-content\/uploads\/2023\/04\/Image-Sequence_163_0011.png","_links":{"self":[{"href":"https:\/\/arpadsegit.hu\/index.php\/wp-json\/wp\/v2\/posts\/1161","targetHints":{"allow":["GET"]}}],"collection":[{"href":"https:\/\/arpadsegit.hu\/index.php\/wp-json\/wp\/v2\/posts"}],"about":[{"href":"https:\/\/arpadsegit.hu\/index.php\/wp-json\/wp\/v2\/types\/post"}],"author":[{"embeddable":true,"href":"https:\/\/arpadsegit.hu\/index.php\/wp-json\/wp\/v2\/users\/1"}],"replies":[{"embeddable":true,"href":"https:\/\/arpadsegit.hu\/index.php\/wp-json\/wp\/v2\/comments?post=1161"}],"version-history":[{"count":2,"href":"https:\/\/arpadsegit.hu\/index.php\/wp-json\/wp\/v2\/posts\/1161\/revisions"}],"predecessor-version":[{"id":1164,"href":"https:\/\/arpadsegit.hu\/index.php\/wp-json\/wp\/v2\/posts\/1161\/revisions\/1164"}],"wp:featuredmedia":[{"embeddable":true,"href":"https:\/\/arpadsegit.hu\/index.php\/wp-json\/wp\/v2\/media\/1162"}],"wp:attachment":[{"href":"https:\/\/arpadsegit.hu\/index.php\/wp-json\/wp\/v2\/media?parent=1161"}],"wp:term":[{"taxonomy":"category","embeddable":true,"href":"https:\/\/arpadsegit.hu\/index.php\/wp-json\/wp\/v2\/categories?post=1161"},{"taxonomy":"post_tag","embeddable":true,"href":"https:\/\/arpadsegit.hu\/index.php\/wp-json\/wp\/v2\/tags?post=1161"}],"curies":[{"name":"wp","href":"https:\/\/api.w.org\/{rel}","templated":true}]}}